{"id":416,"date":"2017-03-27T15:45:39","date_gmt":"2017-03-27T15:45:39","guid":{"rendered":"http:\/\/pasarondelavera.org\/pasaronmerece\/?p=416"},"modified":"2017-03-27T15:45:39","modified_gmt":"2017-03-27T15:45:39","slug":"la-junta-quiere-tramitar-los-planes-urbanisticos-en-solo-cuatro-meses","status":"publish","type":"post","link":"http:\/\/pasarondelavera.org\/pasaronmerece\/index.php\/2017\/03\/27\/la-junta-quiere-tramitar-los-planes-urbanisticos-en-solo-cuatro-meses\/","title":{"rendered":"La Junta quiere tramitar los planes urban\u00edsticos en solo cuatro meses"},"content":{"rendered":"<figure style=\"width: 321px\" class=\"wp-caption alignright\"><img loading=\"lazy\" decoding=\"async\" id=\"U21303033549715\" title=\"Eulalia Moreno de Acevedo, directora general de Urbanismo de la Junta de Extremadura. \" src=\"http:\/\/www.hoy.es\/noticias\/201703\/24\/media\/cortadas\/extre%20%282%29-k3kG-U21303033549715-575x323@Hoy.jpg\" alt=\"Eulalia Moreno de Acevedo, directora general de Urbanismo de la Junta de Extremadura. \" width=\"321\" height=\"181\" vspace=\"1\" \/><figcaption class=\"wp-caption-text\">Eulalia Moreno de Acevedo, directora general de Urbanismo de la Junta de Extremadura. \/ Br\u00edgido<\/figcaption><\/figure>\n<p>La Junta tramitar\u00e1 <span id=\"U213030335497MlC\">los planes urban\u00edsticos y sus modificaciones en un m\u00e1ximo de cuatro meses.<\/span> Es el compromiso que quiere alcanzar el Gobierno regional y que pretende recoger en una ley dentro de un paquete de medidas destinadas a agilizar la aprobaci\u00f3n de los instrumentos de planeamiento con el objetivo de facilitar la ocupaci\u00f3n ordenada del suelo.<\/p>\n<p>La Consejer\u00eda de Medio Ambiente y Rural, Pol\u00edticas Agrarias y Territorio ha iniciado la tramitaci\u00f3n de la <span id=\"U2130303354972aB\">Ley de coordinaci\u00f3n intersectorial<\/span> y de simplificaci\u00f3n de los procedimientos urban\u00edsticos, que no s\u00f3lo crea una nueva figura en la Administraci\u00f3n sino que adem\u00e1s modifica otras cuatro leyes.<\/p>\n<p>&nbsp;<\/p>\n<p>Fuente: www.hoy.es<\/p>\n<p>Lee mas en;<\/p>\n<p><a href=\"http:\/\/www.hoy.es\/extremadura\/201703\/24\/junta-quiere-tramitar-planes-20170324215101.html\">http:\/\/www.hoy.es\/extremadura\/201703\/24\/junta-quiere-tramitar-planes-20170324215101.html<\/a><\/p>\n","protected":false},"excerpt":{"rendered":"<p>La Junta tramitar\u00e1 los planes urban\u00edsticos y sus modificaciones en un m\u00e1ximo de cuatro meses. Es el compromiso que quiere alcanzar el Gobierno regional y que pretende recoger en una ley dentro de un paquete de medidas destinadas a agilizar la aprobaci\u00f3n de los instrumentos de planeamiento con el objetivo de facilitar la ocupaci\u00f3n ordenada [&hellip;]<\/p>\n","protected":false},"author":2,"featured_media":0,"comment_status":"open","ping_status":"open","sticky":false,"template":"","format":"standard","meta":{"_bbp_topic_count":0,"_bbp_reply_count":0,"_bbp_total_topic_count":0,"_bbp_total_reply_count":0,"_bbp_voice_count":0,"_bbp_anonymous_reply_count":0,"_bbp_topic_count_hidden":0,"_bbp_reply_count_hidden":0,"_bbp_forum_subforum_count":0,"footnotes":""},"categories":[5],"tags":[],"class_list":["post-416","post","type-post","status-publish","format-standard","hentry","category-noticias"],"_links":{"self":[{"href":"http:\/\/pasarondelavera.org\/pasaronmerece\/index.php\/wp-json\/wp\/v2\/posts\/416","targetHints":{"allow":["GET"]}}],"collection":[{"href":"http:\/\/pasarondelavera.org\/pasaronmerece\/index.php\/wp-json\/wp\/v2\/posts"}],"about":[{"href":"http:\/\/pasarondelavera.org\/pasaronmerece\/index.php\/wp-json\/wp\/v2\/types\/post"}],"author":[{"embeddable":true,"href":"http:\/\/pasarondelavera.org\/pasaronmerece\/index.php\/wp-json\/wp\/v2\/users\/2"}],"replies":[{"embeddable":true,"href":"http:\/\/pasarondelavera.org\/pasaronmerece\/index.php\/wp-json\/wp\/v2\/comments?post=416"}],"version-history":[{"count":0,"href":"http:\/\/pasarondelavera.org\/pasaronmerece\/index.php\/wp-json\/wp\/v2\/posts\/416\/revisions"}],"wp:attachment":[{"href":"http:\/\/pasarondelavera.org\/pasaronmerece\/index.php\/wp-json\/wp\/v2\/media?parent=416"}],"wp:term":[{"taxonomy":"category","embeddable":true,"href":"http:\/\/pasarondelavera.org\/pasaronmerece\/index.php\/wp-json\/wp\/v2\/categories?post=416"},{"taxonomy":"post_tag","embeddable":true,"href":"http:\/\/pasarondelavera.org\/pasaronmerece\/index.php\/wp-json\/wp\/v2\/tags?post=416"}],"curies":[{"name":"wp","href":"https:\/\/api.w.org\/{rel}","templated":true}]}}