{"id":249,"date":"2016-12-14T01:08:59","date_gmt":"2016-12-14T01:08:59","guid":{"rendered":"http:\/\/pasarondelavera.org\/pasaronmerece\/?p=249"},"modified":"2016-12-14T01:08:59","modified_gmt":"2016-12-14T01:08:59","slug":"recorte-periodico-ano-de-1900-de-pasaron-de-la-vera","status":"publish","type":"post","link":"http:\/\/pasarondelavera.org\/pasaronmerece\/index.php\/2016\/12\/14\/recorte-periodico-ano-de-1900-de-pasaron-de-la-vera\/","title":{"rendered":"Recorte peri\u00f3dico a\u00f1o de 1900 de Pasar\u00f3n de la Vera"},"content":{"rendered":"<p><img loading=\"lazy\" decoding=\"async\" class=\"aligncenter size-full wp-image-250\" src=\"http:\/\/pasarondelavera.org\/pasaronmerece\/wp-content\/uploads\/2016\/12\/RecortePeriodico1900.jpg\" alt=\"\" width=\"481\" height=\"804\" srcset=\"http:\/\/pasarondelavera.org\/pasaronmerece\/wp-content\/uploads\/2016\/12\/RecortePeriodico1900.jpg 481w, http:\/\/pasarondelavera.org\/pasaronmerece\/wp-content\/uploads\/2016\/12\/RecortePeriodico1900-179x300.jpg 179w\" sizes=\"auto, (max-width: 481px) 100vw, 481px\" \/><\/p>\n","protected":false},"excerpt":{"rendered":"","protected":false},"author":2,"featured_media":0,"comment_status":"open","ping_status":"open","sticky":false,"template":"","format":"standard","meta":{"_bbp_topic_count":0,"_bbp_reply_count":0,"_bbp_total_topic_count":0,"_bbp_total_reply_count":0,"_bbp_voice_count":0,"_bbp_anonymous_reply_count":0,"_bbp_topic_count_hidden":0,"_bbp_reply_count_hidden":0,"_bbp_forum_subforum_count":0,"footnotes":""},"categories":[5],"tags":[],"class_list":["post-249","post","type-post","status-publish","format-standard","hentry","category-noticias"],"_links":{"self":[{"href":"http:\/\/pasarondelavera.org\/pasaronmerece\/index.php\/wp-json\/wp\/v2\/posts\/249","targetHints":{"allow":["GET"]}}],"collection":[{"href":"http:\/\/pasarondelavera.org\/pasaronmerece\/index.php\/wp-json\/wp\/v2\/posts"}],"about":[{"href":"http:\/\/pasarondelavera.org\/pasaronmerece\/index.php\/wp-json\/wp\/v2\/types\/post"}],"author":[{"embeddable":true,"href":"http:\/\/pasarondelavera.org\/pasaronmerece\/index.php\/wp-json\/wp\/v2\/users\/2"}],"replies":[{"embeddable":true,"href":"http:\/\/pasarondelavera.org\/pasaronmerece\/index.php\/wp-json\/wp\/v2\/comments?post=249"}],"version-history":[{"count":0,"href":"http:\/\/pasarondelavera.org\/pasaronmerece\/index.php\/wp-json\/wp\/v2\/posts\/249\/revisions"}],"wp:attachment":[{"href":"http:\/\/pasarondelavera.org\/pasaronmerece\/index.php\/wp-json\/wp\/v2\/media?parent=249"}],"wp:term":[{"taxonomy":"category","embeddable":true,"href":"http:\/\/pasarondelavera.org\/pasaronmerece\/index.php\/wp-json\/wp\/v2\/categories?post=249"},{"taxonomy":"post_tag","embeddable":true,"href":"http:\/\/pasarondelavera.org\/pasaronmerece\/index.php\/wp-json\/wp\/v2\/tags?post=249"}],"curies":[{"name":"wp","href":"https:\/\/api.w.org\/{rel}","templated":true}]}}